{"id":2902,"date":"2025-03-25T21:23:35","date_gmt":"2025-03-25T21:23:35","guid":{"rendered":"https:\/\/smallders.com\/?p=2902"},"modified":"2025-06-03T21:57:05","modified_gmt":"2025-06-03T21:57:05","slug":"the-smallders-project-at-macfrut-fiera-2025-in-rimini-italy","status":"publish","type":"post","link":"https:\/\/smallders.com\/fr\/the-smallders-project-at-macfrut-fiera-2025-in-rimini-italy\/","title":{"rendered":"Le projet SMALLDERS \u00e0 Macfrut Fiera 2025 \u00e0 Rimini (Italie) !"},"content":{"rendered":"<p>Nous sommes ravis d'annoncer que <strong>SMALLDERS<\/strong> sera <strong>pr\u00e9sent\u00e9<\/strong> at <strong>Macfrut Fiera 2025<\/strong>, l'un des salons internationaux majeurs pour le secteur des fruits et l\u00e9gumes, organis\u00e9 \u00e0 <strong>Rimini, Italie<\/strong>.<\/p>\n\n\n\n<p>\ud83d\udcc5 <strong>Le 6 mai<\/strong>, nos partenaires du projet monteront sur sc\u00e8ne pour pr\u00e9senter les <strong>objectifs, r\u00e9sultats r\u00e9volutionnaires et impact social<\/strong> de cette initiative ambitieuse.<\/p>\n\n\n\n<p>Cette pr\u00e9sentation \u00e0 <strong>Macfrut 2025<\/strong> est une occasion pr\u00e9cieuse de partager l'avancement du projet avec un large public et de se connecter avec <strong>agriculteurs, distributeurs, d\u00e9cideurs, chercheurs et consommateurs<\/strong>, tous travaillant ensemble pour fa\u00e7onner l'avenir de l'agriculture durable.<\/p>\n\n\n\n<figure class=\"wp-block-image size-full\"><img fetchpriority=\"high\" decoding=\"async\" width=\"987\" height=\"612\" src=\"https:\/\/smallders.com\/wp-content\/uploads\/2025\/03\/1742675303567-1.jpg\" alt=\"\" class=\"wp-image-2907\" srcset=\"https:\/\/smallders.com\/wp-content\/uploads\/2025\/03\/1742675303567-1.jpg 987w, https:\/\/smallders.com\/wp-content\/uploads\/2025\/03\/1742675303567-1-300x186.jpg 300w, https:\/\/smallders.com\/wp-content\/uploads\/2025\/03\/1742675303567-1-768x476.jpg 768w, https:\/\/smallders.com\/wp-content\/uploads\/2025\/03\/1742675303567-1-18x12.jpg 18w\" sizes=\"(max-width: 987px) 100vw, 987px\" \/><\/figure>\n\n\n\n<p>\ud83d\ude80 <strong>Ne manquez pas \u00e7a ! Rejoignez-nous le 6 mai \u00e0 Rimini !<\/strong><br>\ud83c\udf0d <strong>Ensemble, soyons acteurs de l'innovation pour un secteur agricole plus intelligent, plus vert et plus r\u00e9silient.<\/strong><\/p>","protected":false},"excerpt":{"rendered":"<p>We are thrilled to announce that SMALLDERS will be presented at Macfrut Fiera 2025, one of the leading international trade fairs for the fruit and vegetable sector, held in Rimini, Italy. \ud83d\udcc5 On May 6th, our project partners will take the stage to present the objectives, groundbreaking results, and social impact of this ambitious initiative. [&hellip;]<\/p>\n","protected":false},"author":123458,"featured_media":2903,"comment_status":"open","ping_status":"open","sticky":false,"template":"","format":"standard","meta":{"om_disable_all_campaigns":false,"_monsterinsights_skip_tracking":false,"_monsterinsights_sitenote_active":false,"_monsterinsights_sitenote_note":"","_monsterinsights_sitenote_category":0,"_uf_show_specific_survey":0,"_uf_disable_surveys":false,"site-sidebar-layout":"default","site-content-layout":"","ast-site-content-layout":"default","site-content-style":"default","site-sidebar-style":"default","ast-global-header-display":"","ast-banner-title-visibility":"","ast-main-header-display":"","ast-hfb-above-header-display":"","ast-hfb-below-header-display":"","ast-hfb-mobile-header-display":"","site-post-title":"","ast-breadcrumbs-content":"","ast-featured-img":"","footer-sml-layout":"","theme-transparent-header-meta":"","adv-header-id-meta":"","stick-header-meta":"","header-above-stick-meta":"","header-main-stick-meta":"","header-below-stick-meta":"","astra-migrate-meta-layouts":"set","ast-page-background-enabled":"default","ast-page-background-meta":{"desktop":{"background-color":"var(--ast-global-color-4)","background-image":"","background-repeat":"repeat","background-position":"center center","background-size":"auto","background-attachment":"scroll","background-type":"","background-media":"","overlay-type":"","overlay-color":"","overlay-opacity":"","overlay-gradient":""},"tablet":{"background-color":"","background-image":"","background-repeat":"repeat","background-position":"center center","background-size":"auto","background-attachment":"scroll","background-type":"","background-media":"","overlay-type":"","overlay-color":"","overlay-opacity":"","overlay-gradient":""},"mobile":{"background-color":"","background-image":"","background-repeat":"repeat","background-position":"center center","background-size":"auto","background-attachment":"scroll","background-type":"","background-media":"","overlay-type":"","overlay-color":"","overlay-opacity":"","overlay-gradient":""}},"ast-content-background-meta":{"desktop":{"background-color":"var(--ast-global-color-5)","background-image":"","background-repeat":"repeat","background-position":"center center","background-size":"auto","background-attachment":"scroll","background-type":"","background-media":"","overlay-type":"","overlay-color":"","overlay-opacity":"","overlay-gradient":""},"tablet":{"background-color":"var(--ast-global-color-5)","background-image":"","background-repeat":"repeat","background-position":"center center","background-size":"auto","background-attachment":"scroll","background-type":"","background-media":"","overlay-type":"","overlay-color":"","overlay-opacity":"","overlay-gradient":""},"mobile":{"background-color":"var(--ast-global-color-5)","background-image":"","background-repeat":"repeat","background-position":"center center","background-size":"auto","background-attachment":"scroll","background-type":"","background-media":"","overlay-type":"","overlay-color":"","overlay-opacity":"","overlay-gradient":""}},"footnotes":""},"categories":[5],"tags":[],"class_list":["post-2902","post","type-post","status-publish","format-standard","has-post-thumbnail","hentry","category-news"],"aioseo_notices":[],"yoast_head":"<!-- This site is optimized with the Yoast SEO plugin v27.4 - https:\/\/yoast.com\/product\/yoast-seo-wordpress\/ -->\n<title>The SMALLDERS Project at Macfrut Fiera 2025 in Rimini (Italy)! - smallders<\/title>\n<meta name=\"robots\" content=\"index, follow, max-snippet:-1, max-image-preview:large, max-video-preview:-1\" \/>\n<link rel=\"canonical\" href=\"https:\/\/smallders.com\/fr\/the-smallders-project-at-macfrut-fiera-2025-in-rimini-italy\/\" \/>\n<meta property=\"og:locale\" content=\"fr_FR\" \/>\n<meta property=\"og:type\" content=\"article\" \/>\n<meta property=\"og:title\" content=\"The SMALLDERS Project at Macfrut Fiera 2025 in Rimini (Italy)! - smallders\" \/>\n<meta property=\"og:description\" content=\"We are thrilled to announce that SMALLDERS will be presented at Macfrut Fiera 2025, one of the leading international trade fairs for the fruit and vegetable sector, held in Rimini, Italy. \ud83d\udcc5 On May 6th, our project partners will take the stage to present the objectives, groundbreaking results, and social impact of this ambitious initiative. [&hellip;]\" \/>\n<meta property=\"og:url\" content=\"https:\/\/smallders.com\/fr\/the-smallders-project-at-macfrut-fiera-2025-in-rimini-italy\/\" \/>\n<meta property=\"og:site_name\" content=\"smallders\" \/>\n<meta property=\"article:published_time\" content=\"2025-03-25T21:23:35+00:00\" \/>\n<meta property=\"article:modified_time\" content=\"2025-06-03T21:57:05+00:00\" \/>\n<meta property=\"og:image\" content=\"https:\/\/smallders.com\/wp-content\/uploads\/2025\/03\/1742675303736.jpg\" \/>\n\t<meta property=\"og:image:width\" content=\"982\" \/>\n\t<meta property=\"og:image:height\" content=\"777\" \/>\n\t<meta property=\"og:image:type\" content=\"image\/jpeg\" \/>\n<meta name=\"author\" content=\"smallders.tn@hotmail.fr\" \/>\n<meta name=\"twitter:card\" content=\"summary_large_image\" \/>\n<meta name=\"twitter:label1\" content=\"\u00c9crit par\" \/>\n\t<meta name=\"twitter:data1\" content=\"smallders.tn@hotmail.fr\" \/>\n\t<meta name=\"twitter:label2\" content=\"Dur\u00e9e de lecture estim\u00e9e\" \/>\n\t<meta name=\"twitter:data2\" content=\"1 minute\" \/>\n<script type=\"application\/ld+json\" class=\"yoast-schema-graph\">{\"@context\":\"https:\\\/\\\/schema.org\",\"@graph\":[{\"@type\":\"Article\",\"@id\":\"https:\\\/\\\/smallders.com\\\/the-smallders-project-at-macfrut-fiera-2025-in-rimini-italy\\\/#article\",\"isPartOf\":{\"@id\":\"https:\\\/\\\/smallders.com\\\/the-smallders-project-at-macfrut-fiera-2025-in-rimini-italy\\\/\"},\"author\":{\"name\":\"smallders.tn@hotmail.fr\",\"@id\":\"https:\\\/\\\/smallders.com\\\/#\\\/schema\\\/person\\\/c7b7300a31c8f2ad3f85e7dae7c72db4\"},\"headline\":\"The SMALLDERS Project at Macfrut Fiera 2025 in Rimini (Italy)!\",\"datePublished\":\"2025-03-25T21:23:35+00:00\",\"dateModified\":\"2025-06-03T21:57:05+00:00\",\"mainEntityOfPage\":{\"@id\":\"https:\\\/\\\/smallders.com\\\/the-smallders-project-at-macfrut-fiera-2025-in-rimini-italy\\\/\"},\"wordCount\":124,\"commentCount\":0,\"publisher\":{\"@id\":\"https:\\\/\\\/smallders.com\\\/#organization\"},\"image\":{\"@id\":\"https:\\\/\\\/smallders.com\\\/the-smallders-project-at-macfrut-fiera-2025-in-rimini-italy\\\/#primaryimage\"},\"thumbnailUrl\":\"https:\\\/\\\/smallders.com\\\/wp-content\\\/uploads\\\/2025\\\/03\\\/1742675303736.jpg\",\"articleSection\":[\"News\"],\"inLanguage\":\"fr-FR\",\"potentialAction\":[{\"@type\":\"CommentAction\",\"name\":\"Comment\",\"target\":[\"https:\\\/\\\/smallders.com\\\/the-smallders-project-at-macfrut-fiera-2025-in-rimini-italy\\\/#respond\"]}]},{\"@type\":\"WebPage\",\"@id\":\"https:\\\/\\\/smallders.com\\\/the-smallders-project-at-macfrut-fiera-2025-in-rimini-italy\\\/\",\"url\":\"https:\\\/\\\/smallders.com\\\/the-smallders-project-at-macfrut-fiera-2025-in-rimini-italy\\\/\",\"name\":\"The SMALLDERS Project at Macfrut Fiera 2025 in Rimini (Italy)! - smallders\",\"isPartOf\":{\"@id\":\"https:\\\/\\\/smallders.com\\\/#website\"},\"primaryImageOfPage\":{\"@id\":\"https:\\\/\\\/smallders.com\\\/the-smallders-project-at-macfrut-fiera-2025-in-rimini-italy\\\/#primaryimage\"},\"image\":{\"@id\":\"https:\\\/\\\/smallders.com\\\/the-smallders-project-at-macfrut-fiera-2025-in-rimini-italy\\\/#primaryimage\"},\"thumbnailUrl\":\"https:\\\/\\\/smallders.com\\\/wp-content\\\/uploads\\\/2025\\\/03\\\/1742675303736.jpg\",\"datePublished\":\"2025-03-25T21:23:35+00:00\",\"dateModified\":\"2025-06-03T21:57:05+00:00\",\"breadcrumb\":{\"@id\":\"https:\\\/\\\/smallders.com\\\/the-smallders-project-at-macfrut-fiera-2025-in-rimini-italy\\\/#breadcrumb\"},\"inLanguage\":\"fr-FR\",\"potentialAction\":[{\"@type\":\"ReadAction\",\"target\":[\"https:\\\/\\\/smallders.com\\\/the-smallders-project-at-macfrut-fiera-2025-in-rimini-italy\\\/\"]}]},{\"@type\":\"ImageObject\",\"inLanguage\":\"fr-FR\",\"@id\":\"https:\\\/\\\/smallders.com\\\/the-smallders-project-at-macfrut-fiera-2025-in-rimini-italy\\\/#primaryimage\",\"url\":\"https:\\\/\\\/smallders.com\\\/wp-content\\\/uploads\\\/2025\\\/03\\\/1742675303736.jpg\",\"contentUrl\":\"https:\\\/\\\/smallders.com\\\/wp-content\\\/uploads\\\/2025\\\/03\\\/1742675303736.jpg\",\"width\":982,\"height\":777},{\"@type\":\"BreadcrumbList\",\"@id\":\"https:\\\/\\\/smallders.com\\\/the-smallders-project-at-macfrut-fiera-2025-in-rimini-italy\\\/#breadcrumb\",\"itemListElement\":[{\"@type\":\"ListItem\",\"position\":1,\"name\":\"Home\",\"item\":\"https:\\\/\\\/smallders.com\\\/\"},{\"@type\":\"ListItem\",\"position\":2,\"name\":\"The SMALLDERS Project at Macfrut Fiera 2025 in Rimini (Italy)!\"}]},{\"@type\":\"WebSite\",\"@id\":\"https:\\\/\\\/smallders.com\\\/#website\",\"url\":\"https:\\\/\\\/smallders.com\\\/\",\"name\":\"smallders\",\"description\":\"Empowering the small holders\",\"publisher\":{\"@id\":\"https:\\\/\\\/smallders.com\\\/#organization\"},\"potentialAction\":[{\"@type\":\"SearchAction\",\"target\":{\"@type\":\"EntryPoint\",\"urlTemplate\":\"https:\\\/\\\/smallders.com\\\/?s={search_term_string}\"},\"query-input\":{\"@type\":\"PropertyValueSpecification\",\"valueRequired\":true,\"valueName\":\"search_term_string\"}}],\"inLanguage\":\"fr-FR\"},{\"@type\":\"Organization\",\"@id\":\"https:\\\/\\\/smallders.com\\\/#organization\",\"name\":\"smallders\",\"url\":\"https:\\\/\\\/smallders.com\\\/\",\"logo\":{\"@type\":\"ImageObject\",\"inLanguage\":\"fr-FR\",\"@id\":\"https:\\\/\\\/smallders.com\\\/#\\\/schema\\\/logo\\\/image\\\/\",\"url\":\"https:\\\/\\\/smallders.com\\\/wp-content\\\/uploads\\\/2022\\\/07\\\/cropped-logo-vs-blanche-1-1.png\",\"contentUrl\":\"https:\\\/\\\/smallders.com\\\/wp-content\\\/uploads\\\/2022\\\/07\\\/cropped-logo-vs-blanche-1-1.png\",\"width\":153,\"height\":113,\"caption\":\"smallders\"},\"image\":{\"@id\":\"https:\\\/\\\/smallders.com\\\/#\\\/schema\\\/logo\\\/image\\\/\"}},{\"@type\":\"Person\",\"@id\":\"https:\\\/\\\/smallders.com\\\/#\\\/schema\\\/person\\\/c7b7300a31c8f2ad3f85e7dae7c72db4\",\"name\":\"smallders.tn@hotmail.fr\",\"image\":{\"@type\":\"ImageObject\",\"inLanguage\":\"fr-FR\",\"@id\":\"https:\\\/\\\/secure.gravatar.com\\\/avatar\\\/b2c65c08b87e1fa49c605c300244243207c336e2b6b73914d1e1c856eacd6fca?s=96&d=mm&r=g\",\"url\":\"https:\\\/\\\/secure.gravatar.com\\\/avatar\\\/b2c65c08b87e1fa49c605c300244243207c336e2b6b73914d1e1c856eacd6fca?s=96&d=mm&r=g\",\"contentUrl\":\"https:\\\/\\\/secure.gravatar.com\\\/avatar\\\/b2c65c08b87e1fa49c605c300244243207c336e2b6b73914d1e1c856eacd6fca?s=96&d=mm&r=g\",\"caption\":\"smallders.tn@hotmail.fr\"},\"url\":\"https:\\\/\\\/smallders.com\\\/fr\\\/author\\\/smallders-tnhotmail-fr\\\/\"}]}<\/script>\n<!-- \/ Yoast SEO plugin. -->","yoast_head_json":{"title":"The SMALLDERS Project at Macfrut Fiera 2025 in Rimini (Italy)! - smallders","robots":{"index":"index","follow":"follow","max-snippet":"max-snippet:-1","max-image-preview":"max-image-preview:large","max-video-preview":"max-video-preview:-1"},"canonical":"https:\/\/smallders.com\/fr\/the-smallders-project-at-macfrut-fiera-2025-in-rimini-italy\/","og_locale":"fr_FR","og_type":"article","og_title":"The SMALLDERS Project at Macfrut Fiera 2025 in Rimini (Italy)! - smallders","og_description":"We are thrilled to announce that SMALLDERS will be presented at Macfrut Fiera 2025, one of the leading international trade fairs for the fruit and vegetable sector, held in Rimini, Italy. \ud83d\udcc5 On May 6th, our project partners will take the stage to present the objectives, groundbreaking results, and social impact of this ambitious initiative. [&hellip;]","og_url":"https:\/\/smallders.com\/fr\/the-smallders-project-at-macfrut-fiera-2025-in-rimini-italy\/","og_site_name":"smallders","article_published_time":"2025-03-25T21:23:35+00:00","article_modified_time":"2025-06-03T21:57:05+00:00","og_image":[{"width":982,"height":777,"url":"https:\/\/smallders.com\/wp-content\/uploads\/2025\/03\/1742675303736.jpg","type":"image\/jpeg"}],"author":"smallders.tn@hotmail.fr","twitter_card":"summary_large_image","twitter_misc":{"\u00c9crit par":"smallders.tn@hotmail.fr","Dur\u00e9e de lecture estim\u00e9e":"1 minute"},"schema":{"@context":"https:\/\/schema.org","@graph":[{"@type":"Article","@id":"https:\/\/smallders.com\/the-smallders-project-at-macfrut-fiera-2025-in-rimini-italy\/#article","isPartOf":{"@id":"https:\/\/smallders.com\/the-smallders-project-at-macfrut-fiera-2025-in-rimini-italy\/"},"author":{"name":"smallders.tn@hotmail.fr","@id":"https:\/\/smallders.com\/#\/schema\/person\/c7b7300a31c8f2ad3f85e7dae7c72db4"},"headline":"The SMALLDERS Project at Macfrut Fiera 2025 in Rimini (Italy)!","datePublished":"2025-03-25T21:23:35+00:00","dateModified":"2025-06-03T21:57:05+00:00","mainEntityOfPage":{"@id":"https:\/\/smallders.com\/the-smallders-project-at-macfrut-fiera-2025-in-rimini-italy\/"},"wordCount":124,"commentCount":0,"publisher":{"@id":"https:\/\/smallders.com\/#organization"},"image":{"@id":"https:\/\/smallders.com\/the-smallders-project-at-macfrut-fiera-2025-in-rimini-italy\/#primaryimage"},"thumbnailUrl":"https:\/\/smallders.com\/wp-content\/uploads\/2025\/03\/1742675303736.jpg","articleSection":["News"],"inLanguage":"fr-FR","potentialAction":[{"@type":"CommentAction","name":"Comment","target":["https:\/\/smallders.com\/the-smallders-project-at-macfrut-fiera-2025-in-rimini-italy\/#respond"]}]},{"@type":"WebPage","@id":"https:\/\/smallders.com\/the-smallders-project-at-macfrut-fiera-2025-in-rimini-italy\/","url":"https:\/\/smallders.com\/the-smallders-project-at-macfrut-fiera-2025-in-rimini-italy\/","name":"The SMALLDERS Project at Macfrut Fiera 2025 in Rimini (Italy)! - smallders","isPartOf":{"@id":"https:\/\/smallders.com\/#website"},"primaryImageOfPage":{"@id":"https:\/\/smallders.com\/the-smallders-project-at-macfrut-fiera-2025-in-rimini-italy\/#primaryimage"},"image":{"@id":"https:\/\/smallders.com\/the-smallders-project-at-macfrut-fiera-2025-in-rimini-italy\/#primaryimage"},"thumbnailUrl":"https:\/\/smallders.com\/wp-content\/uploads\/2025\/03\/1742675303736.jpg","datePublished":"2025-03-25T21:23:35+00:00","dateModified":"2025-06-03T21:57:05+00:00","breadcrumb":{"@id":"https:\/\/smallders.com\/the-smallders-project-at-macfrut-fiera-2025-in-rimini-italy\/#breadcrumb"},"inLanguage":"fr-FR","potentialAction":[{"@type":"ReadAction","target":["https:\/\/smallders.com\/the-smallders-project-at-macfrut-fiera-2025-in-rimini-italy\/"]}]},{"@type":"ImageObject","inLanguage":"fr-FR","@id":"https:\/\/smallders.com\/the-smallders-project-at-macfrut-fiera-2025-in-rimini-italy\/#primaryimage","url":"https:\/\/smallders.com\/wp-content\/uploads\/2025\/03\/1742675303736.jpg","contentUrl":"https:\/\/smallders.com\/wp-content\/uploads\/2025\/03\/1742675303736.jpg","width":982,"height":777},{"@type":"BreadcrumbList","@id":"https:\/\/smallders.com\/the-smallders-project-at-macfrut-fiera-2025-in-rimini-italy\/#breadcrumb","itemListElement":[{"@type":"ListItem","position":1,"name":"Home","item":"https:\/\/smallders.com\/"},{"@type":"ListItem","position":2,"name":"The SMALLDERS Project at Macfrut Fiera 2025 in Rimini (Italy)!"}]},{"@type":"WebSite","@id":"https:\/\/smallders.com\/#website","url":"https:\/\/smallders.com\/","name":"les plus petits","description":"Donner du pouvoir aux petits exploitants","publisher":{"@id":"https:\/\/smallders.com\/#organization"},"potentialAction":[{"@type":"SearchAction","target":{"@type":"EntryPoint","urlTemplate":"https:\/\/smallders.com\/?s={search_term_string}"},"query-input":{"@type":"PropertyValueSpecification","valueRequired":true,"valueName":"search_term_string"}}],"inLanguage":"fr-FR"},{"@type":"Organization","@id":"https:\/\/smallders.com\/#organization","name":"les plus petits","url":"https:\/\/smallders.com\/","logo":{"@type":"ImageObject","inLanguage":"fr-FR","@id":"https:\/\/smallders.com\/#\/schema\/logo\/image\/","url":"https:\/\/smallders.com\/wp-content\/uploads\/2022\/07\/cropped-logo-vs-blanche-1-1.png","contentUrl":"https:\/\/smallders.com\/wp-content\/uploads\/2022\/07\/cropped-logo-vs-blanche-1-1.png","width":153,"height":113,"caption":"smallders"},"image":{"@id":"https:\/\/smallders.com\/#\/schema\/logo\/image\/"}},{"@type":"Person","@id":"https:\/\/smallders.com\/#\/schema\/person\/c7b7300a31c8f2ad3f85e7dae7c72db4","name":"smallders.tn@hotmail.fr","image":{"@type":"ImageObject","inLanguage":"fr-FR","@id":"https:\/\/secure.gravatar.com\/avatar\/b2c65c08b87e1fa49c605c300244243207c336e2b6b73914d1e1c856eacd6fca?s=96&d=mm&r=g","url":"https:\/\/secure.gravatar.com\/avatar\/b2c65c08b87e1fa49c605c300244243207c336e2b6b73914d1e1c856eacd6fca?s=96&d=mm&r=g","contentUrl":"https:\/\/secure.gravatar.com\/avatar\/b2c65c08b87e1fa49c605c300244243207c336e2b6b73914d1e1c856eacd6fca?s=96&d=mm&r=g","caption":"smallders.tn@hotmail.fr"},"url":"https:\/\/smallders.com\/fr\/author\/smallders-tnhotmail-fr\/"}]}},"_links":{"self":[{"href":"https:\/\/smallders.com\/fr\/wp-json\/wp\/v2\/posts\/2902","targetHints":{"allow":["GET"]}}],"collection":[{"href":"https:\/\/smallders.com\/fr\/wp-json\/wp\/v2\/posts"}],"about":[{"href":"https:\/\/smallders.com\/fr\/wp-json\/wp\/v2\/types\/post"}],"author":[{"embeddable":true,"href":"https:\/\/smallders.com\/fr\/wp-json\/wp\/v2\/users\/123458"}],"replies":[{"embeddable":true,"href":"https:\/\/smallders.com\/fr\/wp-json\/wp\/v2\/comments?post=2902"}],"version-history":[{"count":4,"href":"https:\/\/smallders.com\/fr\/wp-json\/wp\/v2\/posts\/2902\/revisions"}],"predecessor-version":[{"id":2942,"href":"https:\/\/smallders.com\/fr\/wp-json\/wp\/v2\/posts\/2902\/revisions\/2942"}],"wp:featuredmedia":[{"embeddable":true,"href":"https:\/\/smallders.com\/fr\/wp-json\/wp\/v2\/media\/2903"}],"wp:attachment":[{"href":"https:\/\/smallders.com\/fr\/wp-json\/wp\/v2\/media?parent=2902"}],"wp:term":[{"taxonomy":"category","embeddable":true,"href":"https:\/\/smallders.com\/fr\/wp-json\/wp\/v2\/categories?post=2902"},{"taxonomy":"post_tag","embeddable":true,"href":"https:\/\/smallders.com\/fr\/wp-json\/wp\/v2\/tags?post=2902"}],"curies":[{"name":"wp","href":"https:\/\/api.w.org\/{rel}","templated":true}]}}